{"id":6199,"date":"2024-11-19T15:45:12","date_gmt":"2024-11-19T13:45:12","guid":{"rendered":"https:\/\/www.amledo.com\/?p=6199"},"modified":"2024-11-19T15:45:12","modified_gmt":"2024-11-19T13:45:12","slug":"ttc-jonkoping-pa-erasmus-praktik","status":"publish","type":"post","link":"https:\/\/www.amledo.com\/en\/6199\/ttc-jonkoping-pa-erasmus-praktik\/","title":{"rendered":"TTC J\u00f6nk\u00f6ping on an Erasmus+ internship"},"content":{"rendered":"<p>Three automotive students from TTC J\u00f6nk\u00f6ping on an Erasmus+ internship in Gera, Germany. The practice is very successful. The students and their colleagues in the workshop are a good team. Communication in English works and the students&#8217; professional competence is good. They can already carry out many tasks independently.<\/p>\n<p><img loading=\"lazy\" class=\"alignnone  wp-image-5753\" src=\"https:\/\/www.amledo.com\/wp-content\/uploads\/Ttransportf\u00f6retagen_Logotyp-1.jpg\" alt=\"\" width=\"294\" height=\"53\" srcset=\"https:\/\/www.amledo.com\/wp-content\/uploads\/Ttransportf\u00f6retagen_Logotyp-1.jpg 572w, https:\/\/www.amledo.com\/wp-content\/uploads\/Ttransportf\u00f6retagen_Logotyp-1-345x62.jpg 345w, https:\/\/www.amledo.com\/wp-content\/uploads\/Ttransportf\u00f6retagen_Logotyp-1-102x18.jpg 102w\" sizes=\"(max-width: 294px) 100vw, 294px\" \/><img loading=\"lazy\" class=\"alignnone  wp-image-6112\" src=\"https:\/\/www.amledo.com\/wp-content\/uploads\/logosbeneficaireserasmusleft_en-scaled.jpg\" alt=\"\" width=\"378\" height=\"83\" srcset=\"https:\/\/www.amledo.com\/wp-content\/uploads\/logosbeneficaireserasmusleft_en-scaled.jpg 2560w, https:\/\/www.amledo.com\/wp-content\/uploads\/logosbeneficaireserasmusleft_en-345x76.jpg 345w, https:\/\/www.amledo.com\/wp-content\/uploads\/logosbeneficaireserasmusleft_en-956x210.jpg 956w, https:\/\/www.amledo.com\/wp-content\/uploads\/logosbeneficaireserasmusleft_en-102x22.jpg 102w, https:\/\/www.amledo.com\/wp-content\/uploads\/logosbeneficaireserasmusleft_en-768x169.jpg 768w, https:\/\/www.amledo.com\/wp-content\/uploads\/logosbeneficaireserasmusleft_en-1536x338.jpg 1536w, https:\/\/www.amledo.com\/wp-content\/uploads\/logosbeneficaireserasmusleft_en-2048x450.jpg 2048w\" sizes=\"(max-width: 378px) 100vw, 378px\" \/><\/p>\n<p><img loading=\"lazy\" class=\"alignnone  wp-image-5975\" src=\"https:\/\/www.amledo.com\/wp-content\/uploads\/AmledoCo-2.jpg\" alt=\"\" width=\"288\" height=\"66\" srcset=\"https:\/\/www.amledo.com\/wp-content\/uploads\/AmledoCo-2.jpg 336w, https:\/\/www.amledo.com\/wp-content\/uploads\/AmledoCo-2-102x23.jpg 102w\" sizes=\"(max-width: 288px) 100vw, 288px\" \/><\/p>","protected":false},"excerpt":{"rendered":"<p>Three automotive students from TTC J\u00f6nk\u00f6ping on an Erasmus+ internship in Gera, Germany. The practice is very successful. The students and their colleagues in the workshop are a good team.<\/p>\n","protected":false},"author":1,"featured_media":6200,"comment_status":"closed","ping_status":"open","sticky":false,"template":"","format":"standard","meta":[],"categories":[11],"tags":[189],"_links":{"self":[{"href":"https:\/\/www.amledo.com\/en\/wp-json\/wp\/v2\/posts\/6199"}],"collection":[{"href":"https:\/\/www.amledo.com\/en\/wp-json\/wp\/v2\/posts"}],"about":[{"href":"https:\/\/www.amledo.com\/en\/wp-json\/wp\/v2\/types\/post"}],"author":[{"embeddable":true,"href":"https:\/\/www.amledo.com\/en\/wp-json\/wp\/v2\/users\/1"}],"replies":[{"embeddable":true,"href":"https:\/\/www.amledo.com\/en\/wp-json\/wp\/v2\/comments?post=6199"}],"version-history":[{"count":1,"href":"https:\/\/www.amledo.com\/en\/wp-json\/wp\/v2\/posts\/6199\/revisions"}],"predecessor-version":[{"id":6201,"href":"https:\/\/www.amledo.com\/en\/wp-json\/wp\/v2\/posts\/6199\/revisions\/6201"}],"wp:featuredmedia":[{"embeddable":true,"href":"https:\/\/www.amledo.com\/en\/wp-json\/wp\/v2\/media\/6200"}],"wp:attachment":[{"href":"https:\/\/www.amledo.com\/en\/wp-json\/wp\/v2\/media?parent=6199"}],"wp:term":[{"taxonomy":"category","embeddable":true,"href":"https:\/\/www.amledo.com\/en\/wp-json\/wp\/v2\/categories?post=6199"},{"taxonomy":"post_tag","embeddable":true,"href":"https:\/\/www.amledo.com\/en\/wp-json\/wp\/v2\/tags?post=6199"}],"curies":[{"name":"wp","href":"https:\/\/api.w.org\/{rel}","templated":true}]}}