{"id":6143,"date":"2023-08-29T09:48:28","date_gmt":"2023-08-29T07:48:28","guid":{"rendered":"https:\/\/www.amledo.com\/?p=6143"},"modified":"2023-08-29T09:48:28","modified_gmt":"2023-08-29T07:48:28","slug":"apl-i-tyskland","status":"publish","type":"post","link":"https:\/\/www.amledo.com\/en\/6143\/apl-i-tyskland\/","title":{"rendered":"Work-based learning in Germany"},"content":{"rendered":"<p>First out this autumn at work-based learning in Germany are two vehicle students from Uppsala. At the same time, German and French automotive students want to do internships at Swedish vehicle workshops. An exchange that both upper secondary schools and company\u2019s demand.<\/p>\n<p>Amledo &amp; Co is the Erasmus+ KA1 accredited project coordinator in the vocational education sector. Partner schools with vehicle education are Ystad Gymnasium, Wendesgymnasiet, Lugnetgymnasiet, V\u00e4gga Gymnasieskola, Jacobsskolan, H\u00f6gbergsskolan in Tierp, Bruksgymnasiet, Praktiska J\u00f6nk\u00f6ping, Ellen Fries gymnasium, TTC J\u00f6nk\u00f6ping, Anderstorpsgymnasiets, Nyk\u00f6pings gymnasium, J\u00e4lla yrkesgymnasium, \u00d6strabo gymnasieskola, Nobelgymnasiet, Westerlundska gymnasiet, Nordenbergsskolan, Uddevalla adult education in collaboration with Transportf\u00f6retagen.<\/p>\n<p><img loading=\"lazy\" class=\"alignnone  wp-image-5975\" src=\"https:\/\/www.amledo.com\/wp-content\/uploads\/AmledoCo-2.jpg\" alt=\"\" width=\"279\" height=\"64\" srcset=\"https:\/\/www.amledo.com\/wp-content\/uploads\/AmledoCo-2.jpg 336w, https:\/\/www.amledo.com\/wp-content\/uploads\/AmledoCo-2-102x23.jpg 102w\" sizes=\"(max-width: 279px) 100vw, 279px\" \/><img loading=\"lazy\" class=\"alignnone  wp-image-5753\" src=\"https:\/\/www.amledo.com\/wp-content\/uploads\/Ttransportf\u00f6retagen_Logotyp-1.jpg\" alt=\"\" width=\"405\" height=\"73\" srcset=\"https:\/\/www.amledo.com\/wp-content\/uploads\/Ttransportf\u00f6retagen_Logotyp-1.jpg 572w, https:\/\/www.amledo.com\/wp-content\/uploads\/Ttransportf\u00f6retagen_Logotyp-1-345x62.jpg 345w, https:\/\/www.amledo.com\/wp-content\/uploads\/Ttransportf\u00f6retagen_Logotyp-1-102x18.jpg 102w\" sizes=\"(max-width: 405px) 100vw, 405px\" \/><\/p>\n<p>&nbsp;<\/p>\n<p><img loading=\"lazy\" class=\"alignnone  wp-image-6112\" src=\"https:\/\/www.amledo.com\/wp-content\/uploads\/logosbeneficaireserasmusleft_en-scaled.jpg\" alt=\"\" width=\"532\" height=\"117\" srcset=\"https:\/\/www.amledo.com\/wp-content\/uploads\/logosbeneficaireserasmusleft_en-scaled.jpg 2560w, https:\/\/www.amledo.com\/wp-content\/uploads\/logosbeneficaireserasmusleft_en-345x76.jpg 345w, https:\/\/www.amledo.com\/wp-content\/uploads\/logosbeneficaireserasmusleft_en-956x210.jpg 956w, https:\/\/www.amledo.com\/wp-content\/uploads\/logosbeneficaireserasmusleft_en-102x22.jpg 102w, https:\/\/www.amledo.com\/wp-content\/uploads\/logosbeneficaireserasmusleft_en-768x169.jpg 768w, https:\/\/www.amledo.com\/wp-content\/uploads\/logosbeneficaireserasmusleft_en-1536x338.jpg 1536w, https:\/\/www.amledo.com\/wp-content\/uploads\/logosbeneficaireserasmusleft_en-2048x450.jpg 2048w\" sizes=\"(max-width: 532px) 100vw, 532px\" \/><\/p>","protected":false},"excerpt":{"rendered":"<p>Amledo &#038; Co is the Erasmus+ KA1 accredited project coordinator in the vocational education sector.<\/p>\n","protected":false},"author":1,"featured_media":5685,"comment_status":"closed","ping_status":"open","sticky":false,"template":"","format":"standard","meta":[],"categories":[11],"tags":[66,207,130,27,218],"_links":{"self":[{"href":"https:\/\/www.amledo.com\/en\/wp-json\/wp\/v2\/posts\/6143"}],"collection":[{"href":"https:\/\/www.amledo.com\/en\/wp-json\/wp\/v2\/posts"}],"about":[{"href":"https:\/\/www.amledo.com\/en\/wp-json\/wp\/v2\/types\/post"}],"author":[{"embeddable":true,"href":"https:\/\/www.amledo.com\/en\/wp-json\/wp\/v2\/users\/1"}],"replies":[{"embeddable":true,"href":"https:\/\/www.amledo.com\/en\/wp-json\/wp\/v2\/comments?post=6143"}],"version-history":[{"count":1,"href":"https:\/\/www.amledo.com\/en\/wp-json\/wp\/v2\/posts\/6143\/revisions"}],"predecessor-version":[{"id":6144,"href":"https:\/\/www.amledo.com\/en\/wp-json\/wp\/v2\/posts\/6143\/revisions\/6144"}],"wp:featuredmedia":[{"embeddable":true,"href":"https:\/\/www.amledo.com\/en\/wp-json\/wp\/v2\/media\/5685"}],"wp:attachment":[{"href":"https:\/\/www.amledo.com\/en\/wp-json\/wp\/v2\/media?parent=6143"}],"wp:term":[{"taxonomy":"category","embeddable":true,"href":"https:\/\/www.amledo.com\/en\/wp-json\/wp\/v2\/categories?post=6143"},{"taxonomy":"post_tag","embeddable":true,"href":"https:\/\/www.amledo.com\/en\/wp-json\/wp\/v2\/tags?post=6143"}],"curies":[{"name":"wp","href":"https:\/\/api.w.org\/{rel}","templated":true}]}}