{"id":5974,"date":"2021-11-05T12:37:19","date_gmt":"2021-11-05T10:37:19","guid":{"rendered":"https:\/\/www.amledo.com\/?p=5974"},"modified":"2021-11-05T12:37:19","modified_gmt":"2021-11-05T10:37:19","slug":"interaktiv-videoproduktion-for-saker-hantering-av-e-fordon","status":"publish","type":"post","link":"https:\/\/www.amledo.com\/en\/5974\/interaktiv-videoproduktion-for-saker-hantering-av-e-fordon\/","title":{"rendered":"Interactive video production for safe handling of e-vehicles"},"content":{"rendered":"<p>Learning seminar at CELF in interactive video production preparing learners for safe handling of e-vehicle in a workshop.\u00a0\u00a0Vehicle teacher from Sweden, Denmark and Germany.<br \/>\nContacts: Max Michael, Uppsala yrkesgymnasium Ekeby, P\u00e4r Winter, Erikslundsgymnasiet, Borl\u00e4nge, Claus Brandt Kristensen &amp; Carsten Jensen, CELF, Nyk\u00f6ping, Ingolf Zupfer, SBBS Technik Gera, Andreas J\u00f6rk, HWK Gera and Patrick \u00c4rlemalm, Amledo &amp; Co AB, Stockholm. New digital teaching and training practices in e-vehicle VET SE20-1-SE01-KA226-VET-092422, supported by Erasmus+ in cooperation with Transportf\u00f6retagen. Coordinator Patrick \u00c4rlemalm at Amledo &amp; Co AB.<\/p>\n<p><img loading=\"lazy\" class=\"alignnone size-full wp-image-5224\" src=\"https:\/\/www.amledo.com\/wp-content\/uploads\/Erasmusplus_logotyp_1cm28.jpg\" alt=\"\" width=\"232\" height=\"66\" srcset=\"https:\/\/www.amledo.com\/wp-content\/uploads\/Erasmusplus_logotyp_1cm28.jpg 232w, https:\/\/www.amledo.com\/wp-content\/uploads\/Erasmusplus_logotyp_1cm28-102x29.jpg 102w\" sizes=\"(max-width: 232px) 100vw, 232px\" \/><img loading=\"lazy\" class=\"alignnone wp-image-5753\" src=\"https:\/\/www.amledo.com\/wp-content\/uploads\/Ttransportf\u00f6retagen_Logotyp-1.jpg\" alt=\"\" width=\"250\" height=\"45\" srcset=\"https:\/\/www.amledo.com\/wp-content\/uploads\/Ttransportf\u00f6retagen_Logotyp-1.jpg 572w, https:\/\/www.amledo.com\/wp-content\/uploads\/Ttransportf\u00f6retagen_Logotyp-1-345x62.jpg 345w, https:\/\/www.amledo.com\/wp-content\/uploads\/Ttransportf\u00f6retagen_Logotyp-1-102x18.jpg 102w\" sizes=\"(max-width: 250px) 100vw, 250px\" \/><img loading=\"lazy\" class=\"alignnone wp-image-5975\" src=\"https:\/\/www.amledo.com\/wp-content\/uploads\/AmledoCo-2.jpg\" alt=\"\" width=\"205\" height=\"47\" srcset=\"https:\/\/www.amledo.com\/wp-content\/uploads\/AmledoCo-2.jpg 336w, https:\/\/www.amledo.com\/wp-content\/uploads\/AmledoCo-2-102x23.jpg 102w\" sizes=\"(max-width: 205px) 100vw, 205px\" \/><\/p>","protected":false},"excerpt":{"rendered":"<p>Learning seminar at CELF in interactive video production preparing learners for safe handling of e-vehicle in a workshop.\u00a0\u00a0Vehicle teacher from Sweden, Denmark and Germany. Coordinator Patrick \u00c4rlemalm at Amledo &#038; Co AB.<\/p>\n","protected":false},"author":1,"featured_media":5976,"comment_status":"closed","ping_status":"open","sticky":false,"template":"","format":"standard","meta":[],"categories":[11],"tags":[66,260,263,189,245,264,262,206,243,218,261],"_links":{"self":[{"href":"https:\/\/www.amledo.com\/en\/wp-json\/wp\/v2\/posts\/5974"}],"collection":[{"href":"https:\/\/www.amledo.com\/en\/wp-json\/wp\/v2\/posts"}],"about":[{"href":"https:\/\/www.amledo.com\/en\/wp-json\/wp\/v2\/types\/post"}],"author":[{"embeddable":true,"href":"https:\/\/www.amledo.com\/en\/wp-json\/wp\/v2\/users\/1"}],"replies":[{"embeddable":true,"href":"https:\/\/www.amledo.com\/en\/wp-json\/wp\/v2\/comments?post=5974"}],"version-history":[{"count":1,"href":"https:\/\/www.amledo.com\/en\/wp-json\/wp\/v2\/posts\/5974\/revisions"}],"predecessor-version":[{"id":5977,"href":"https:\/\/www.amledo.com\/en\/wp-json\/wp\/v2\/posts\/5974\/revisions\/5977"}],"wp:featuredmedia":[{"embeddable":true,"href":"https:\/\/www.amledo.com\/en\/wp-json\/wp\/v2\/media\/5976"}],"wp:attachment":[{"href":"https:\/\/www.amledo.com\/en\/wp-json\/wp\/v2\/media?parent=5974"}],"wp:term":[{"taxonomy":"category","embeddable":true,"href":"https:\/\/www.amledo.com\/en\/wp-json\/wp\/v2\/categories?post=5974"},{"taxonomy":"post_tag","embeddable":true,"href":"https:\/\/www.amledo.com\/en\/wp-json\/wp\/v2\/tags?post=5974"}],"curies":[{"name":"wp","href":"https:\/\/api.w.org\/{rel}","templated":true}]}}