{"id":5842,"date":"2021-03-01T19:50:11","date_gmt":"2021-03-01T17:50:11","guid":{"rendered":"https:\/\/www.amledo.com\/?p=5842"},"modified":"2021-03-15T10:09:23","modified_gmt":"2021-03-15T08:09:23","slug":"nya-digitala-undervisnings-och-utbildningsmetoder-inom-e-fordons-yrkesutbildning","status":"publish","type":"post","link":"https:\/\/www.amledo.com\/en\/5842\/nya-digitala-undervisnings-och-utbildningsmetoder-inom-e-fordons-yrkesutbildning\/","title":{"rendered":"New digital training of e-vehicle"},"content":{"rendered":"<p>New project starts developing on-line digital training videos with focus on learners and e-vehicles learning and training objectives. Coordinated by Amledo &amp; Co in cooperation with VET providers in Sweden, Germany and Denmark.<\/p>\n<p>There is a clear take up which benefit the target group. For instance, the script for producing video clips which focuses on the practical procedure of the high-voltage on e-vehicles. An added value is that the digital learning unit will be produced as a video clip based on the practical contents in the current curriculum. Another example of this is the step-by-step procedure on how to disable FEV (Full Electric Vehicle) and HEV (Hybrid Electric Vehicle).<\/p>\n<p>Partners<\/p>\n<p>SBBS Technik Gera, Ingolf Zupfer, e-vehicle engineering teacher, High voltage expert<\/p>\n<p>Uppsala Yrkesgymnasium, Max Micheal, vehicle engineering teacher<\/p>\n<p>Erikslundsgymnasiet, P\u00e4r Winter, vehicle engineering teacher<\/p>\n<p>Center for Erhvervsrettede uddannelser Lolland-Falster, Claus Brandt Kristensen, didactics expert<\/p>\n<p>Handwerkskammer f\u00fcr Ostth\u00fcringen, Andreas J\u00f6rk, Mobility coach<\/p>\n<p>Amledo &amp; Co, Patrick \u00c4rlemalm, coordinator<\/p>\n<p>Supported by Erasmus+ 2020-1-SE01-KA226-VET-092422.<\/p>\n<p><img loading=\"lazy\" class=\"alignnone wp-image-5224\" src=\"https:\/\/www.amledo.com\/wp-content\/uploads\/Erasmusplus_logotyp_1cm28.jpg\" alt=\"\" width=\"559\" height=\"159\" srcset=\"https:\/\/www.amledo.com\/wp-content\/uploads\/Erasmusplus_logotyp_1cm28.jpg 232w, https:\/\/www.amledo.com\/wp-content\/uploads\/Erasmusplus_logotyp_1cm28-102x29.jpg 102w\" sizes=\"(max-width: 559px) 100vw, 559px\" \/><\/p>\n<p><img loading=\"lazy\" class=\"alignnone size-full wp-image-5753\" src=\"https:\/\/www.amledo.com\/wp-content\/uploads\/Ttransportf\u00f6retagen_Logotyp-1.jpg\" alt=\"\" width=\"572\" height=\"103\" srcset=\"https:\/\/www.amledo.com\/wp-content\/uploads\/Ttransportf\u00f6retagen_Logotyp-1.jpg 572w, https:\/\/www.amledo.com\/wp-content\/uploads\/Ttransportf\u00f6retagen_Logotyp-1-345x62.jpg 345w, https:\/\/www.amledo.com\/wp-content\/uploads\/Ttransportf\u00f6retagen_Logotyp-1-102x18.jpg 102w\" sizes=\"(max-width: 572px) 100vw, 572px\" \/><\/p>","protected":false},"excerpt":{"rendered":"<p>Today another new project starts developing on-line digital training videos with focus on learners and e-vehicles learning and training objectives<\/p>\n","protected":false},"author":1,"featured_media":5843,"comment_status":"closed","ping_status":"open","sticky":false,"template":"","format":"standard","meta":[],"categories":[11],"tags":[232,233],"_links":{"self":[{"href":"https:\/\/www.amledo.com\/en\/wp-json\/wp\/v2\/posts\/5842"}],"collection":[{"href":"https:\/\/www.amledo.com\/en\/wp-json\/wp\/v2\/posts"}],"about":[{"href":"https:\/\/www.amledo.com\/en\/wp-json\/wp\/v2\/types\/post"}],"author":[{"embeddable":true,"href":"https:\/\/www.amledo.com\/en\/wp-json\/wp\/v2\/users\/1"}],"replies":[{"embeddable":true,"href":"https:\/\/www.amledo.com\/en\/wp-json\/wp\/v2\/comments?post=5842"}],"version-history":[{"count":7,"href":"https:\/\/www.amledo.com\/en\/wp-json\/wp\/v2\/posts\/5842\/revisions"}],"predecessor-version":[{"id":5877,"href":"https:\/\/www.amledo.com\/en\/wp-json\/wp\/v2\/posts\/5842\/revisions\/5877"}],"wp:featuredmedia":[{"embeddable":true,"href":"https:\/\/www.amledo.com\/en\/wp-json\/wp\/v2\/media\/5843"}],"wp:attachment":[{"href":"https:\/\/www.amledo.com\/en\/wp-json\/wp\/v2\/media?parent=5842"}],"wp:term":[{"taxonomy":"category","embeddable":true,"href":"https:\/\/www.amledo.com\/en\/wp-json\/wp\/v2\/categories?post=5842"},{"taxonomy":"post_tag","embeddable":true,"href":"https:\/\/www.amledo.com\/en\/wp-json\/wp\/v2\/tags?post=5842"}],"curies":[{"name":"wp","href":"https:\/\/api.w.org\/{rel}","templated":true}]}}