{"id":5623,"date":"2019-08-14T09:32:00","date_gmt":"2019-08-14T07:32:00","guid":{"rendered":"http:\/\/www.amledo.com\/?p=5623"},"modified":"2019-08-14T09:32:00","modified_gmt":"2019-08-14T07:32:00","slug":"erasmus-medel-for-arbete-med-digitala-kompetensportfoljer","status":"publish","type":"post","link":"https:\/\/www.amledo.com\/en\/5623\/erasmus-medel-for-arbete-med-digitala-kompetensportfoljer\/","title":{"rendered":"Erasmus + funds for working with digital competence portfolios"},"content":{"rendered":"<p><span title=\"\">New granted Erasmus + funds for partner schools on knowledge and development of digital competence portfolios in vocational education.<\/span> <span title=\"\">Participates in the Project,\u00a0<\/span>Finland: Kainuun ammattiopisto, Netherlands: Stichting Regionaal Opleidingen Centrum Aventus, Scotland: Dundee and Angus College, Sweden: Jacobsskolan, Nordenbergsskolan,Sk\u00e4rg\u00e5rdsgymnasiet, Ystad Gymnasium, Amledo &amp; Co AB, Mr. Patrick \u00c4rlemalm; Managing Director and Project Coordinator.<\/p>\n<p align=\"center\"><b><span style=\"margin: 0px; font-family: 'Calibri',sans-serif;\"><span style=\"color: #000000;\">WHAT MAKES A GOOD DIGTALPORTFOLIO?<\/span><\/span><\/b><\/p>\n<p align=\"center\"><span style=\"font-family: Calibri;\"><span style=\"color: #000000;\"><span lang=\"EN-GB\">Erasmus+ contract n\u00b0<\/span> 2019-1-SE01-KA202-060565<\/span><\/span><\/p>\n<p><img loading=\"lazy\" class=\"size-full wp-image-5224 aligncenter\" src=\"http:\/\/www.amledo.com\/wp-content\/uploads\/Erasmusplus_logotyp_1cm28.jpg\" alt=\"\" width=\"232\" height=\"66\" srcset=\"https:\/\/www.amledo.com\/wp-content\/uploads\/Erasmusplus_logotyp_1cm28.jpg 232w, https:\/\/www.amledo.com\/wp-content\/uploads\/Erasmusplus_logotyp_1cm28-102x29.jpg 102w\" sizes=\"(max-width: 232px) 100vw, 232px\" \/><\/p>","protected":false},"excerpt":{"rendered":"<p>New granted Erasmus + funds for partner schools on knowledge and development of digital competence portfolios in vocational education. Participates in the Project,\u00a0Finland: Kainuun ammattiopisto, Netherlands: Stichting Regionaal Opleidingen Centrum Aventus, Scotland: Dundee and Angus College, Sweden: Jacobsskolan, Nordenbergsskolan,Sk\u00e4rg\u00e5rdsgymnasiet, Ystad Gymnasium, Amledo &amp; Co AB, Mr. Patrick \u00c4rlemalm; Managing Director and Project Coordinator. WHAT MAKES [&hellip;]<\/p>\n","protected":false},"author":1,"featured_media":5626,"comment_status":"closed","ping_status":"open","sticky":false,"template":"","format":"standard","meta":[],"categories":[11],"tags":[66,207,189,65,78,4,96,121,112,114,6,48,106,173,199,206,119,88],"_links":{"self":[{"href":"https:\/\/www.amledo.com\/en\/wp-json\/wp\/v2\/posts\/5623"}],"collection":[{"href":"https:\/\/www.amledo.com\/en\/wp-json\/wp\/v2\/posts"}],"about":[{"href":"https:\/\/www.amledo.com\/en\/wp-json\/wp\/v2\/types\/post"}],"author":[{"embeddable":true,"href":"https:\/\/www.amledo.com\/en\/wp-json\/wp\/v2\/users\/1"}],"replies":[{"embeddable":true,"href":"https:\/\/www.amledo.com\/en\/wp-json\/wp\/v2\/comments?post=5623"}],"version-history":[{"count":4,"href":"https:\/\/www.amledo.com\/en\/wp-json\/wp\/v2\/posts\/5623\/revisions"}],"predecessor-version":[{"id":5629,"href":"https:\/\/www.amledo.com\/en\/wp-json\/wp\/v2\/posts\/5623\/revisions\/5629"}],"wp:featuredmedia":[{"embeddable":true,"href":"https:\/\/www.amledo.com\/en\/wp-json\/wp\/v2\/media\/5626"}],"wp:attachment":[{"href":"https:\/\/www.amledo.com\/en\/wp-json\/wp\/v2\/media?parent=5623"}],"wp:term":[{"taxonomy":"category","embeddable":true,"href":"https:\/\/www.amledo.com\/en\/wp-json\/wp\/v2\/categories?post=5623"},{"taxonomy":"post_tag","embeddable":true,"href":"https:\/\/www.amledo.com\/en\/wp-json\/wp\/v2\/tags?post=5623"}],"curies":[{"name":"wp","href":"https:\/\/api.w.org\/{rel}","templated":true}]}}