{"id":5527,"date":"2019-02-07T10:01:50","date_gmt":"2019-02-07T08:01:50","guid":{"rendered":"http:\/\/www.amledo.com\/?p=5527"},"modified":"2019-02-11T09:23:41","modified_gmt":"2019-02-11T07:23:41","slug":"elever-testar-digitala-kompetensportfolj-rektor-och-larare-ar-mycket-positiva","status":"publish","type":"post","link":"https:\/\/www.amledo.com\/en\/5527\/elever-testar-digitala-kompetensportfolj-rektor-och-larare-ar-mycket-positiva\/","title":{"rendered":"Elever testar digitala kompetensportf\u00f6lj. Rektor och l\u00e4rare \u00e4r mycket positiva"},"content":{"rendered":"<p>Fordonselever p\u00e5 Nordenbergskolan testar Delta digitala kompetensportf\u00f6lj. B\u00e5de rektor och deras fordonsl\u00e4rare \u00e4r mycket positiva VAD \u00c4R EN BRA KOMPETENSPORTF\u00d6LJ? <br>DELTA digitala kompetensportf\u00f6lj \u00e4r en upps\u00e4ttning multimediamaterial som \u00e4r utformade f\u00f6r att f\u00f6ra yrkesutbildningen n\u00e4rmare f\u00f6retagen. Se hela p\u00e5 <a href=\"http:\/\/deltaportfolio.eu\/SV\/index.html\"><\/a><\/p>\r\n\r\n\r\n\r\n<p><a href=\"http:\/\/deltaportfolio.eu\/SV\/index.html\">http:\/\/deltaportfolio.eu\/SV\/index.html<\/a><\/p>\r\n\r\n\r\n\r\n<figure class=\"wp-block-image\"><img loading=\"lazy\" width=\"232\" height=\"66\" src=\"http:\/\/www.amledo.com\/wp-content\/uploads\/Erasmusplus_logotyp_1cm28.jpg\" alt=\"\" class=\"wp-image-5224\" srcset=\"https:\/\/www.amledo.com\/wp-content\/uploads\/Erasmusplus_logotyp_1cm28.jpg 232w, https:\/\/www.amledo.com\/wp-content\/uploads\/Erasmusplus_logotyp_1cm28-102x29.jpg 102w\" sizes=\"(max-width: 232px) 100vw, 232px\" \/><figcaption>Med st\u00f6d av Erasmus+<\/figcaption><\/figure>","protected":false},"excerpt":{"rendered":"<p>Fordonselever p\u00e5 Nordenbergskolan testar Delta digitala kompetensportf\u00f6lj. B\u00e5de rektor och deras fordonsl\u00e4rare \u00e4r mycket positiva VAD \u00c4R EN BRA KOMPETENSPORTF\u00d6LJ? DELTA digitala kompetensportf\u00f6lj \u00e4r en upps\u00e4ttning multimediamaterial som \u00e4r utformade f\u00f6r att f\u00f6ra yrkesutbildningen n\u00e4rmare f\u00f6retagen. Se hela p\u00e5 http:\/\/deltaportfolio.eu\/SV\/index.html<\/p>\n","protected":false},"author":1,"featured_media":5530,"comment_status":"closed","ping_status":"open","sticky":false,"template":"","format":"standard","meta":[],"categories":[11],"tags":[66,207,212,189,65,78,4,96,121,112,114,6,48,106,173,130,215,44,206,56],"_links":{"self":[{"href":"https:\/\/www.amledo.com\/en\/wp-json\/wp\/v2\/posts\/5527"}],"collection":[{"href":"https:\/\/www.amledo.com\/en\/wp-json\/wp\/v2\/posts"}],"about":[{"href":"https:\/\/www.amledo.com\/en\/wp-json\/wp\/v2\/types\/post"}],"author":[{"embeddable":true,"href":"https:\/\/www.amledo.com\/en\/wp-json\/wp\/v2\/users\/1"}],"replies":[{"embeddable":true,"href":"https:\/\/www.amledo.com\/en\/wp-json\/wp\/v2\/comments?post=5527"}],"version-history":[{"count":4,"href":"https:\/\/www.amledo.com\/en\/wp-json\/wp\/v2\/posts\/5527\/revisions"}],"predecessor-version":[{"id":5536,"href":"https:\/\/www.amledo.com\/en\/wp-json\/wp\/v2\/posts\/5527\/revisions\/5536"}],"wp:featuredmedia":[{"embeddable":true,"href":"https:\/\/www.amledo.com\/en\/wp-json\/wp\/v2\/media\/5530"}],"wp:attachment":[{"href":"https:\/\/www.amledo.com\/en\/wp-json\/wp\/v2\/media?parent=5527"}],"wp:term":[{"taxonomy":"category","embeddable":true,"href":"https:\/\/www.amledo.com\/en\/wp-json\/wp\/v2\/categories?post=5527"},{"taxonomy":"post_tag","embeddable":true,"href":"https:\/\/www.amledo.com\/en\/wp-json\/wp\/v2\/tags?post=5527"}],"curies":[{"name":"wp","href":"https:\/\/api.w.org\/{rel}","templated":true}]}}