{"id":5524,"date":"2019-01-07T17:31:53","date_gmt":"2019-01-07T15:31:53","guid":{"rendered":"http:\/\/www.amledo.com\/?p=5524"},"modified":"2019-04-02T10:59:05","modified_gmt":"2019-04-02T08:59:05","slug":"nya-eu-pengar-for-utlandspraktik-for-elever-och-larare","status":"publish","type":"post","link":"https:\/\/www.amledo.com\/en\/5524\/nya-eu-pengar-for-utlandspraktik-for-elever-och-larare\/","title":{"rendered":"Nya EU pengar f\u00f6r utlandspraktik f\u00f6r elever och l\u00e4rare"},"content":{"rendered":"<p>Transportf\u00f6retagen kommer att g\u00f6ra en ny ans\u00f6kan om EU-medel f\u00f6r resor, uppeh\u00e4lle och boende under elevpraktik eller l\u00e4rarutbyte inom EU genom <a href=\"https:\/\/www.utbyten.se\/program\/erasmus-mobilitet-yrkesutbildning\/\">Erasmus+ programmet<\/a>. Detta projekt h\u00f6lls tidigare av Bilproffs och f\u00f6rra perioden var det 32 skolor som var med i ans\u00f6kan. L\u00e4s mer om projektet h\u00e4r: <a href=\"https:\/\/www.transportforetagen.se\/Kompetensforsorjning\/Utbildningar\/Gymnasieskolan\/Erasmus\/\" target=\"_blank\" rel=\"noreferrer noopener\">transportforetagen.se\/Erasmus\/<\/a><\/p>\r\n\r\n\r\n\r\n<p>Din skola har nu chansen att delta i ans\u00f6kan som partner och d\u00e4rmed f\u00e5 en m\u00f6jlighet att skicka elever och l\u00e4rare p\u00e5 praktik och utbyten inom EU. Din skolchef m\u00e5ste <strong><em>senast den 29 januari 2019 <\/em><\/strong>ha skrivit ett <a href=\"https:\/\/drive.google.com\/file\/d\/1-QUx3VLq1aqUBK9UOo4bu2eDJcrM7fT9\/view?usp=sharing\" target=\"_blank\" rel=\"noreferrer noopener\">kontrakt (Mandate)<\/a> om partnerskap med Amledo &amp; Co, samt fyllt i detta <a href=\"https:\/\/drive.google.com\/file\/d\/1Fyz3LcFwS2YxAbiVH5IrnV-5Hur_5SEU\/view?usp=sharing\" target=\"_blank\" rel=\"noreferrer noopener\">formul\u00e4r (f\u00f6lj l\u00e4nk)<\/a> med information om skolan. Formul\u00e4ret ska kunna \u00f6ppnas i Google doc.<\/p>\r\n\r\n\r\n\r\n<p>Motivation, ansvarsf\u00f6rm\u00e5ga och internationalisering \u00e4r viktiga kvaliteter f\u00f6r deltagande skolor. Ans\u00f6kan avser gymnasieskolans fordonstekniska utbildningar inom FT-programmet. Antalet partnerskolor \u00e4r begr\u00e4nsat.<\/p>\r\n\r\n\r\n\r\n<h3>Registrera din skola nu!<\/h3>\r\n\r\n\r\n\r\n<p>\u00c4r din skola intresserad av att delta? F\u00f6rsta steget, f\u00f6r att bli partner med oss, \u00e4r att din skola har en kod, <strong><em><a href=\"https:\/\/www.utbyten.se\/program\/erasmus-mobilitet-skola\/registrera-er-organisation\/\" target=\"_blank\" rel=\"noreferrer noopener\">Participant Identification Code<\/a><\/em><\/strong>, kallad PIC. Universitets- och h\u00f6gskoler\u00e5det guidar dig steg-f\u00f6r-steg hur du skaffar koden genom att du anv\u00e4nder PIC-l\u00e4nken ovan.<\/p>\r\n\r\n\r\n\r\n<p>Ans\u00f6kan g\u00f6rs i samarbete med Amledo &amp; Co. N\u00e4r ans\u00f6ka skickas in ska alla i partnerskapet (konsortium) vara registrerade. PIC-koden skickas till Patrick \u00c4rlemalm, <a href=\"mailto:patrick.arlemalm@amledo.com\" target=\"_blank\" rel=\"noreferrer noopener\">patrick.arlemalm@amledo.com<\/a>, Amledo &amp; Co, s\u00e5 snabbt som m\u00f6jligt, <strong>dock senast den 18 januari 2019<\/strong>.<\/p>\r\n\r\n\r\n\r\n<p>Har du fr\u00e5gor kan du kontakta Patrick \u00c4rlemalm, Amledo &amp; Co, tel: 070-6427299<\/p>\r\n\r\n\r\n\r\n<p>Mer information om <a href=\"https:\/\/www.utbyten.se\/program\/erasmus-mobilitet-yrkesutbildning\/\">programmet Erasmus+<\/a> hittar du ocks\u00e5 p\u00e5 Universitets- och h\u00f6gskoler\u00e5dets hemsida.<\/p>\r\n\r\n\r\n\r\n<h3><strong><em>V\u00e4lkommen att delta i partnerskapet!<\/em><\/strong><\/h3>\r\n\r\n\r\n\r\n<p>&nbsp;<\/p>","protected":false},"excerpt":{"rendered":"<p>Transportf\u00f6retagen kommer att g\u00f6ra en ny ans\u00f6kan om EU-medel f\u00f6r resor, uppeh\u00e4lle och boende under elevpraktik eller l\u00e4rarutbyte inom EU genom Erasmus+ programmet. Detta projekt h\u00f6lls tidigare av Bilproffs och f\u00f6rra perioden var det 32 skolor som var med i ans\u00f6kan. L\u00e4s mer om projektet h\u00e4r: transportforetagen.se\/Erasmus\/ Din skola har nu chansen att delta i [&hellip;]<\/p>\n","protected":false},"author":1,"featured_media":5367,"comment_status":"closed","ping_status":"open","sticky":false,"template":"","format":"standard","meta":[],"categories":[11],"tags":[66,207,181,189,173,130,146,174,84],"_links":{"self":[{"href":"https:\/\/www.amledo.com\/en\/wp-json\/wp\/v2\/posts\/5524"}],"collection":[{"href":"https:\/\/www.amledo.com\/en\/wp-json\/wp\/v2\/posts"}],"about":[{"href":"https:\/\/www.amledo.com\/en\/wp-json\/wp\/v2\/types\/post"}],"author":[{"embeddable":true,"href":"https:\/\/www.amledo.com\/en\/wp-json\/wp\/v2\/users\/1"}],"replies":[{"embeddable":true,"href":"https:\/\/www.amledo.com\/en\/wp-json\/wp\/v2\/comments?post=5524"}],"version-history":[{"count":2,"href":"https:\/\/www.amledo.com\/en\/wp-json\/wp\/v2\/posts\/5524\/revisions"}],"predecessor-version":[{"id":5590,"href":"https:\/\/www.amledo.com\/en\/wp-json\/wp\/v2\/posts\/5524\/revisions\/5590"}],"wp:featuredmedia":[{"embeddable":true,"href":"https:\/\/www.amledo.com\/en\/wp-json\/wp\/v2\/media\/5367"}],"wp:attachment":[{"href":"https:\/\/www.amledo.com\/en\/wp-json\/wp\/v2\/media?parent=5524"}],"wp:term":[{"taxonomy":"category","embeddable":true,"href":"https:\/\/www.amledo.com\/en\/wp-json\/wp\/v2\/categories?post=5524"},{"taxonomy":"post_tag","embeddable":true,"href":"https:\/\/www.amledo.com\/en\/wp-json\/wp\/v2\/tags?post=5524"}],"curies":[{"name":"wp","href":"https:\/\/api.w.org\/{rel}","templated":true}]}}