{"id":3501,"date":"2013-11-18T14:34:48","date_gmt":"2013-11-18T12:34:48","guid":{"rendered":"http:\/\/www.amledo.com\/?p=3501"},"modified":"2015-06-02T09:35:54","modified_gmt":"2015-06-02T07:35:54","slug":"samverkan-med-teknikcollege","status":"publish","type":"post","link":"https:\/\/www.amledo.com\/en\/3501\/samverkan-med-teknikcollege\/","title":{"rendered":"Collaboration with Teknikcollege"},"content":{"rendered":"<p><\/p>\n<p>Teknikcollege and Teknikf\u00f6retagen want to make it easier for students to perform training abroad and enable exchanges for teachers. Through collaboration with Amledo &#038; Co and support from the EU, such development is promoted. There are about 100 certified Teknikcollege\u00b4s in Sweden.<\/p>\n<p>Teknikcollege is supported by The Industry Councils following members:<\/p>\n<ul>\n<li>Teknikf\u00f6retagen, employers\u2019 organisation<\/li>\n<li>IF Metall, national trade union<\/li>\n<li>Livsmedelsf\u00f6retagen, The Swedish Food Federation<\/li>\n<li>Tr\u00e4- och M\u00f6belf\u00f6retagen, national trade and employers\u2019 association of the wood processing and furniture industry in Sweden<\/li>\n<li>Industriarbetsgivarna, The Swedish Association of Industrial Employers<\/li>\n<li>Innovation and Chemical Industries in Sweden<\/li>\n<li>GS, national trade union of forestry, wood and graphical workers<\/li>\n<li>The Swedish Association of Graduate Engineers, national trade union<\/li>\n<li>Unionen, national trade union<\/li>\n<\/ul>\n<p>Pictured: Tobias Eriksson, Teknikf\u00f6retagen, Adela Martinovic, Teknikcollege and Patrick \u00c4rlemalm from Amledo &#038; Co<\/p>\n<p><\/p>","protected":false},"excerpt":{"rendered":"<p>Teknikcollege and Teknikf\u00f6retagen want to make it easier for students to perform training abroad.<\/p>\n","protected":false},"author":1,"featured_media":3502,"comment_status":"closed","ping_status":"open","sticky":false,"template":"","format":"standard","meta":[],"categories":[11],"tags":[187],"_links":{"self":[{"href":"https:\/\/www.amledo.com\/en\/wp-json\/wp\/v2\/posts\/3501"}],"collection":[{"href":"https:\/\/www.amledo.com\/en\/wp-json\/wp\/v2\/posts"}],"about":[{"href":"https:\/\/www.amledo.com\/en\/wp-json\/wp\/v2\/types\/post"}],"author":[{"embeddable":true,"href":"https:\/\/www.amledo.com\/en\/wp-json\/wp\/v2\/users\/1"}],"replies":[{"embeddable":true,"href":"https:\/\/www.amledo.com\/en\/wp-json\/wp\/v2\/comments?post=3501"}],"version-history":[{"count":7,"href":"https:\/\/www.amledo.com\/en\/wp-json\/wp\/v2\/posts\/3501\/revisions"}],"predecessor-version":[{"id":3504,"href":"https:\/\/www.amledo.com\/en\/wp-json\/wp\/v2\/posts\/3501\/revisions\/3504"}],"wp:featuredmedia":[{"embeddable":true,"href":"https:\/\/www.amledo.com\/en\/wp-json\/wp\/v2\/media\/3502"}],"wp:attachment":[{"href":"https:\/\/www.amledo.com\/en\/wp-json\/wp\/v2\/media?parent=3501"}],"wp:term":[{"taxonomy":"category","embeddable":true,"href":"https:\/\/www.amledo.com\/en\/wp-json\/wp\/v2\/categories?post=3501"},{"taxonomy":"post_tag","embeddable":true,"href":"https:\/\/www.amledo.com\/en\/wp-json\/wp\/v2\/tags?post=3501"}],"curies":[{"name":"wp","href":"https:\/\/api.w.org\/{rel}","templated":true}]}}