{"id":2158,"date":"2012-01-05T16:55:04","date_gmt":"2012-01-05T14:55:04","guid":{"rendered":"http:\/\/www.amledo.com\/?p=2158"},"modified":"2015-06-02T10:16:24","modified_gmt":"2015-06-02T08:16:24","slug":"praktikplats-i-tjeckien","status":"publish","type":"post","link":"https:\/\/www.amledo.com\/en\/2158\/praktikplats-i-tjeckien\/","title":{"rendered":"Visit in Czech Republic"},"content":{"rendered":"<p><\/p>\n<p><p>Amledo &#038; Co has recently visited St\u0159edn\u00ed \u0161kola Polytechnick\u00e1 a vocational school in the Czech Republic. The stay was fruitful and included discussion about future cooperation and visits to companies in vehicle and wood sector.<\/p>\n<\/p>\n<p><\/p>","protected":false},"excerpt":{"rendered":"<p>Amledo &#038; Co has recently visited a vocational school in the Czech Republic.<\/p>\n","protected":false},"author":1,"featured_media":2160,"comment_status":"closed","ping_status":"open","sticky":false,"template":"","format":"standard","meta":[],"categories":[11],"tags":[173,38,174,97],"_links":{"self":[{"href":"https:\/\/www.amledo.com\/en\/wp-json\/wp\/v2\/posts\/2158"}],"collection":[{"href":"https:\/\/www.amledo.com\/en\/wp-json\/wp\/v2\/posts"}],"about":[{"href":"https:\/\/www.amledo.com\/en\/wp-json\/wp\/v2\/types\/post"}],"author":[{"embeddable":true,"href":"https:\/\/www.amledo.com\/en\/wp-json\/wp\/v2\/users\/1"}],"replies":[{"embeddable":true,"href":"https:\/\/www.amledo.com\/en\/wp-json\/wp\/v2\/comments?post=2158"}],"version-history":[{"count":14,"href":"https:\/\/www.amledo.com\/en\/wp-json\/wp\/v2\/posts\/2158\/revisions"}],"predecessor-version":[{"id":2208,"href":"https:\/\/www.amledo.com\/en\/wp-json\/wp\/v2\/posts\/2158\/revisions\/2208"}],"wp:featuredmedia":[{"embeddable":true,"href":"https:\/\/www.amledo.com\/en\/wp-json\/wp\/v2\/media\/2160"}],"wp:attachment":[{"href":"https:\/\/www.amledo.com\/en\/wp-json\/wp\/v2\/media?parent=2158"}],"wp:term":[{"taxonomy":"category","embeddable":true,"href":"https:\/\/www.amledo.com\/en\/wp-json\/wp\/v2\/categories?post=2158"},{"taxonomy":"post_tag","embeddable":true,"href":"https:\/\/www.amledo.com\/en\/wp-json\/wp\/v2\/tags?post=2158"}],"curies":[{"name":"wp","href":"https:\/\/api.w.org\/{rel}","templated":true}]}}